
{"id":35399,"date":"2024-04-05T11:35:38","date_gmt":"2024-04-05T11:35:38","guid":{"rendered":"https:\/\/gabimiguel.pt\/rentals\/exploring-the-best-beach-in-the-world-praia-da-falesia-in-albufeira\/"},"modified":"2024-04-05T11:55:17","modified_gmt":"2024-04-05T11:55:17","slug":"exploring-the-best-beach-in-the-world-praia-da-falesia-in-albufeira","status":"publish","type":"post","link":"https:\/\/gabimiguel.pt\/rentals\/de\/exploring-the-best-beach-in-the-world-praia-da-falesia-in-albufeira\/","title":{"rendered":"Erkunden Sie den besten Strand der Welt: Praia da Fal\u00e9sia in Albufeira"},"content":{"rendered":"\n<p>Haben Sie jemals davon getr\u00e4umt, den besten Strand der Welt zu besuchen? Suchen Sie nicht weiter als den Praia da Fal\u00e9sia in Albufeira, Portugal, der k\u00fcrzlich den renommierten Titel von der bekannten Reiseplattform Tripadvisor erhalten hat. Diese Anerkennung ist Teil der j\u00e4hrlichen Travellers&#8216; Choice Awards, bei denen die Bewertungen und Bewertungen der Benutzer \u00fcber einen Zeitraum von 12 Monaten die Gewinner bestimmen.<\/p>\n\n\n\n<h3 class=\"wp-block-heading\">Eine Wiederentdeckte Perle<\/h3>\n\n\n\n<p>Albufeira, bekannt f\u00fcr seine atemberaubende K\u00fcstensch\u00f6nheit, hat erneut weltweite Aufmerksamkeit erregt, indem es den ersten Platz in den Tripadvisor-Rankings zur\u00fcckerobert hat. Der Praia da Fal\u00e9sia, in Olhos de \u00c1gua gelegen, erstreckt sich \u00fcber sechs Kilometer K\u00fcstenlinie, die mit atemberaubenden ockerfarbenen Sandsteinklippen geschm\u00fcckt ist, einem charakteristischen Merkmal der Region. Sein Reiz liegt nicht nur in den malerischen Klippen, sondern auch in den \u00fcppigen Pinienb\u00e4umen und der einheimischen Vegetation, die die K\u00fcste rahmen und den Besuchern unvergessliche Ausblicke und M\u00f6glichkeiten f\u00fcr gem\u00fctliche Spazierg\u00e4nge bieten.<\/p>\n\n\n\n<h3 class=\"wp-block-heading\">Ein Zeugnis f\u00fcr Umweltverantwortung<\/h3>\n\n\n\n<p>Die Auszeichnung ist nicht nur ein Zeugnis f\u00fcr die nat\u00fcrliche Sch\u00f6nheit des Strandes, sondern auch f\u00fcr das Engagement von Albufeira f\u00fcr den Umweltschutz. Jos\u00e9 Carlos Rolo, B\u00fcrgermeister von Albufeira, betonte die Investitionen der Gemeinde in Umweltschutz, Wasserqualit\u00e4t und Strandreinigung. Diese Bem\u00fchungen, zusammen mit dem g\u00fcnstigen Klima der Region und ihrem nat\u00fcrlichen Charme, haben Albufeira zu einem begehrten Reiseziel f\u00fcr Reisende aus aller Welt gemacht.<\/p>\n\n\n\n<h3 class=\"wp-block-heading\">Gemeinschaftsstolz und Nachhaltiger Tourismus<\/h3>\n\n\n\n<p>Die lokalen Beh\u00f6rden, darunter Cristiano Cabrita, verantwortlich f\u00fcr Umweltangelegenheiten und Vizepr\u00e4sident des Stadtrats von Albufeira, \u00e4u\u00dferten stolz auf die internationale Anerkennung. Sie hoben laufende Initiativen hervor, die darauf abzielen, die Sch\u00f6nheit und Qualit\u00e4t der Str\u00e4nde von Albufeira zu erhalten und zu f\u00f6rdern. Solche Bem\u00fchungen f\u00f6rdern nicht nur den Tourismus, sondern ziehen auch neue Besucher sowohl national als auch international an und tragen zum wirtschaftlichen Wachstum und den Nachhaltigkeitszielen der Region bei.<\/p>\n\n\n\n<h3 class=\"wp-block-heading\">Europas Strandparadies<\/h3>\n\n\n\n<p>Die diesj\u00e4hrigen Travellers&#8216; Choice Awards markierten einen einzigartigen Meilenstein, da alle drei besten Strandziele weltweit europ\u00e4isch waren. Nach Praia da Fal\u00e9sia belegte der zweite Platz Spiaggia dei Conigli in Italien, gefolgt von La Concha in Spanien auf dem dritten Platz. Diese europ\u00e4ische Dominanz unterstreicht das vielf\u00e4ltige und faszinierende K\u00fcstenangebot des Kontinents und zieht Reisende an, die unvergleichliche Stranderlebnisse suchen.<\/p>\n\n\n\n<h3 class=\"wp-block-heading\">Planen Sie Ihren Besuch<\/h3>\n\n\n\n<p>Egal, ob Sie ein Sonnenanbeter, Naturfreund oder einfach auf der Suche nach unvergleichlicher K\u00fcstensch\u00f6nheit sind, Praia da Fal\u00e9sia verspricht ein unvergessliches Erlebnis. Planen Sie Ihren Besuch in diesem preisgekr\u00f6nten Ziel und tauchen Sie ein in den Glanz des Kronjuwels von Albufeira, wo goldene Sandstr\u00e4nde auf azurblaues Wasser vor einer Kulisse majest\u00e4tischer Klippen und gr\u00fcner Landschaften treffen.<\/p>\n\n\n\n<p>Erleben Sie den besten Strand der Welt aus erster Hand und entdecken Sie, warum Praia da Fal\u00e9sia weiterhin Reisende aus der ganzen Welt fasziniert. Ihre Reise ins Paradies erwartet Sie in Albufeira!<\/p>\n\n\n\n<p><strong><strong>Schriftart<\/strong>: <\/strong><a href=\"https:\/\/www.cm-albufeira.pt\/artigo\/praia-da-falesia-eleita-melhor-do-mundo\">Munic\u00edpio de Albufeira<\/a><\/p>\n\n\n\n<p><strong><strong>Schl\u00fcsselw\u00f6rter:<\/strong><\/strong> <a href=\"https:\/\/gabimiguel.pt\/rentals\/de\/\">Gabi Miguel<\/a>, <a href=\"https:\/\/gabimiguel.pt\/rentals\/de\/all-villas\/\">Holiday rentals<\/a>, <a href=\"https:\/\/www.google.pt\/maps\/place\/Praia+da+Fal%C3%A9sia\/@37.0816511,-8.1753653,14z\/data=!3m1!4b1!4m6!3m5!1s0xd1acbd1f46a6033:0xcad2fe61dea962b9!8m2!3d37.0759611!4d-8.1341991!16s%2Fm%2F0n909gq?entry=ttu\" title=\"\">Praia da Fal\u00e9sia<\/a>, <a href=\"https:\/\/gabimiguel.pt\/rentals\/de\/accommodation-category\/algarve-pt-pt-de\/albufeira-pt-pt-de\/\">Albufeira<\/a>, <a href=\"https:\/\/gabimiguel.pt\/rentals\/de\/accommodation-category\/algarve-pt-pt-de\/albufeira-pt-pt-de\/olhos-dagua-de\/\">Olhos D&#8217;\u00c1gua<\/a><\/p>\n","protected":false},"excerpt":{"rendered":"<p>Haben Sie jemals davon getr\u00e4umt, den besten Strand der Welt zu besuchen? Suchen Sie nicht weiter als den Praia da Fal\u00e9sia in Albufeira, Portugal, der k\u00fcrzlich den renommierten Titel von der bekannten Reiseplattform Tripadvisor erhalten hat. Diese Anerkennung ist Teil der j\u00e4hrlichen Travellers&#8216; Choice Awards, bei denen die Bewertungen und Bewertungen der Benutzer \u00fcber einen &hellip; <a href=\"https:\/\/gabimiguel.pt\/rentals\/de\/exploring-the-best-beach-in-the-world-praia-da-falesia-in-albufeira\/\" class=\"more-link\">Weiterlesen <span class=\"screen-reader-text\"> &#8222;Erkunden Sie den besten Strand der Welt: Praia da Fal\u00e9sia in Albufeira&#8220;<\/span><\/a><\/p>\n","protected":false},"author":1,"featured_media":35393,"comment_status":"closed","ping_status":"closed","sticky":false,"template":"","format":"standard","meta":{"om_disable_all_campaigns":false,"_monsterinsights_skip_tracking":false,"_monsterinsights_sitenote_active":false,"_monsterinsights_sitenote_note":"","_monsterinsights_sitenote_category":0,"_uf_show_specific_survey":0,"_uf_disable_surveys":false,"footnotes":""},"categories":[1947],"tags":[],"class_list":["post-35399","post","type-post","status-publish","format-standard","has-post-thumbnail","hentry","category-uncategorized-de"],"aioseo_notices":[],"_links":{"self":[{"href":"https:\/\/gabimiguel.pt\/rentals\/de\/wp-json\/wp\/v2\/posts\/35399","targetHints":{"allow":["GET"]}}],"collection":[{"href":"https:\/\/gabimiguel.pt\/rentals\/de\/wp-json\/wp\/v2\/posts"}],"about":[{"href":"https:\/\/gabimiguel.pt\/rentals\/de\/wp-json\/wp\/v2\/types\/post"}],"author":[{"embeddable":true,"href":"https:\/\/gabimiguel.pt\/rentals\/de\/wp-json\/wp\/v2\/users\/1"}],"replies":[{"embeddable":true,"href":"https:\/\/gabimiguel.pt\/rentals\/de\/wp-json\/wp\/v2\/comments?post=35399"}],"version-history":[{"count":2,"href":"https:\/\/gabimiguel.pt\/rentals\/de\/wp-json\/wp\/v2\/posts\/35399\/revisions"}],"predecessor-version":[{"id":35408,"href":"https:\/\/gabimiguel.pt\/rentals\/de\/wp-json\/wp\/v2\/posts\/35399\/revisions\/35408"}],"wp:featuredmedia":[{"embeddable":true,"href":"https:\/\/gabimiguel.pt\/rentals\/de\/wp-json\/wp\/v2\/media\/35393"}],"wp:attachment":[{"href":"https:\/\/gabimiguel.pt\/rentals\/de\/wp-json\/wp\/v2\/media?parent=35399"}],"wp:term":[{"taxonomy":"category","embeddable":true,"href":"https:\/\/gabimiguel.pt\/rentals\/de\/wp-json\/wp\/v2\/categories?post=35399"},{"taxonomy":"post_tag","embeddable":true,"href":"https:\/\/gabimiguel.pt\/rentals\/de\/wp-json\/wp\/v2\/tags?post=35399"}],"curies":[{"name":"wp","href":"https:\/\/api.w.org\/{rel}","templated":true}]}}